{"id":2054,"date":"2021-03-23T18:26:58","date_gmt":"2021-03-23T21:26:58","guid":{"rendered":"https:\/\/infomesq.com.br\/aluguel\/?p=2054"},"modified":"2022-02-09T08:30:37","modified_gmt":"2022-02-09T11:30:37","slug":"5-dicas-praticas-para-alugar-um-projetor-datashow","status":"publish","type":"post","link":"https:\/\/infomesq.com.br\/aluguel\/5-dicas-praticas-para-alugar-um-projetor-datashow\/","title":{"rendered":"5 Dicas pr\u00e1ticas para alugar um Projetor (Datashow)"},"content":{"rendered":"\t\t<div data-elementor-type=\"wp-post\" data-elementor-id=\"2054\" class=\"elementor elementor-2054\">\n\t\t\t\t\t\t<section class=\"elementor-section elementor-top-section elementor-element elementor-element-431a82fa elementor-section-boxed elementor-section-height-default elementor-section-height-default\" data-id=\"431a82fa\" data-element_type=\"section\" data-e-type=\"section\">\n\t\t\t\t\t\t<div class=\"elementor-container elementor-column-gap-default\">\n\t\t\t\t\t<div class=\"elementor-column elementor-col-100 elementor-top-column elementor-element elementor-element-7a1d5c08\" data-id=\"7a1d5c08\" data-element_type=\"column\" data-e-type=\"column\">\n\t\t\t<div class=\"elementor-widget-wrap elementor-element-populated\">\n\t\t\t\t\t\t<div class=\"elementor-element elementor-element-5a13dfad elementor-widget elementor-widget-text-editor\" data-id=\"5a13dfad\" data-element_type=\"widget\" data-e-type=\"widget\" data-widget_type=\"text-editor.default\">\n\t\t\t\t<div class=\"elementor-widget-container\">\n\t\t\t\t\t\t\t\t\t\n<div id=\"block-908e9d18-8dee-4d0f-b712-ebb54fbc6605\" class=\"wp-block-image\"><figure class=\"alignleft is-resized\"><img fetchpriority=\"high\" decoding=\"async\" src=\"https:\/\/infomesq.com.br\/aluguel\/wp-content\/uploads\/2021\/03\/cb-injetados.jpg\" alt=\"O atributo alt desta imagem est\u00e1 vazio. O nome do arquivo \u00e9 cb-injetados.jpg\" width=\"480\" height=\"270\"\/><\/figure><\/div>\n\n\n\n<p id=\"block-07a7d6cc-93a7-46a2-9c89-4a15f4b65c43\">O mercado de&nbsp;<strong>aluguel de Projetores<\/strong>&nbsp;vem aumentando a cada ano no Brasil. A busca pela praticidade aliada ao aumento na realiza\u00e7\u00e3o de eventos tanto empresariais quanto particulares, fez com que aparecessem no mercado empresas especializadas no&nbsp;<strong>aluguel de Projetores em Porto Alegre<\/strong>, RS e todo territ\u00f3rio nacional.<\/p>\n\n\n\n<p id=\"block-1697082c-5e55-4a9c-a6c7-430911f4a3e8\">Vale a pena&nbsp;<strong>alugar um <\/strong>Projetor (Datashow)?<\/p>\n\n\n\n<p id=\"block-c5a52488-f6b0-42f7-945b-1c0164229ad3\">Na maior parte dos casos a resposta \u00e9 sim, vale a pena a\u00a0<strong>loca\u00e7\u00e3o de projetor<\/strong>, pois os custos com a compra de um equipamento de profissional inicia em torno de R$ 2.700,00, fora as manuten\u00e7\u00f5es peri\u00f3dicas em torno de R$ 500,00 semestrais, enquanto que a\u00a0<strong>loca\u00e7\u00e3o de projetor (Datashow)<\/strong>\u00a0gira em torno dos R$ 110,00 para os modelos mais simples, podendo variar de acordo com cada estado do Brasil. Nos modelos iniciais, a opera\u00e7\u00e3o \u00e9 muito simples, o que dispensa um operador ou at\u00e9 mesmo algu\u00e9m para fazer a montagem.<br><br>Valor m\u00e9dios para alugar um Projetor (Datashow)<br><br>Loca\u00e7\u00e3o de Projetor Epson 2700 Lumens - R$ 110,00 (1 di\u00e1ria)<br>Loca\u00e7\u00e3o de Projetor Benq 3200 Lumens - R$ 135,00 (1 di\u00e1ria)<br><\/p>\n\n\n\n<p id=\"block-de36e404-d077-4f34-810a-cd1c79f79b7c\">O&nbsp;<strong>aluguel de Projetores (Datashow)<\/strong>&nbsp;\u00e9 muito vantajoso para eventos corporativos como treinamentos, palestras, reuni\u00f5es, congressos, al\u00e9m do que o&nbsp;<strong>aluguel de Projetor<\/strong> (DataShow)&nbsp;pode ser utilizado em anivers\u00e1rios, casamentos, formaturas, e outros eventos que possuem curta dura\u00e7\u00e3o. Outro uso muito interessante \u00e9 a loca\u00e7\u00e3o estendida onde voc\u00ea mantem o equipamento, por exemplo na sua empresa ou sal\u00e3o de festas do condom\u00ednio. Nestes casos n\u00e3o compensa a compra de um equipamento para utilizar apenas um ou dois dias, ou at\u00e9 per\u00edodos maiores, com isso o&nbsp;<strong>aluguel de projetor<\/strong>&nbsp;se torna uma \u00f3tima solu\u00e7\u00e3o.<\/p>\n\n\n\n<p id=\"block-8164a7a2-a622-4df2-8cb6-d1ece3aed594\">Vale ressaltar alguns detalhes importantes antes de realizar <strong>o aluguel de um Projetor (Datashow<\/strong>)<\/p>\n\n\n\n<p id=\"block-028d2a57-89c0-4602-a7e5-78a1d2b2ee59\"><strong>1 \u2013 Conex\u00f5es Dispon\u00edveis<\/strong><br>Antes de alugar um Projetor (DataShow), \u00e9 importante verificar que tipo de aparelho ser\u00e1 conectado no equipamento. Verifique se vai precisar de entrada VGA, HDMI, RCA. Tamb\u00e9m \u00e9 importante ver se o equipamento n\u00e3o precisa de um adaptador para efetuar a conex\u00e3o, por exemplo alguns modelos de Macbook, precisam um adaptador para que converta a saida padr\u00e3o dele em uma VGA ou HDMI que seria a entrada do Projetor (Datashow).<br><br><strong>2 \u2013 Proje\u00e7\u00e3o Lateral<\/strong><br>Um recurso muito importante que acaba facilitando quando se precisa projetar sem que o projetor esteja bem em frente a Tela, \u00e9 a corre\u00e7\u00e3o de Trap\u00e9zio Horizontal, nem todos modelos possuem este recurso, mas \u00e9 bom antes de alugar um Projetor (Datashow) ver se n\u00e3o ser\u00e1 necess\u00e1rio.<br>Por exemplo, voc\u00ea esta projetando em uma sala pequena que n\u00e3o tem espa\u00e7o entre a tela e a primeira fileira de cadeiras, neste caso o projetor pode ficar encostado na parede lateral da sala, e com o ajuste \u00e9 poss\u00edvel deixar a imagem alinhada como se ele estivesse projetando em frente a tela.<br><br><strong>3 \u2013 Tipo de Proje\u00e7\u00e3o<\/strong><br>Proje\u00e7\u00e3o Frontal - \u00c9 a proje\u00e7\u00e3o normal realizada com o Projetor em frente a Tela, nestes casos \u00e9 importante avaliar se existe espe\u00e7o suficiente para que o projetor fique em frente a tela sem atrapalhar o seu evento.<br>Proje\u00e7\u00e3o Reversa - Neste tipo de Proje\u00e7\u00e3o o Projetor fica atr\u00e1s da Tela, que deve ser um modelo de Tela Translucida. \u00c9 um recurso para locais onde n\u00e3o se tem espa\u00e7o para realizar a proje\u00e7\u00e3o em frente a tela, por\u00e9m a potencia de luz de perde um pouco e voc\u00ea vai precisar um projetor de maior pot\u00eancia.<br>Proje\u00e7\u00e3o com curta dist\u00e2ncia - Ao alugar um projetor de curta dist\u00e2ncia, voc\u00ea precisa de um espa\u00e7o reduzido para que ele em frente a tela fa\u00e7a a proje\u00e7\u00e3o em tamanho grande. Estes equipamentos tem um valor maior do que os normais, mas podem facilitar bastante em alguns casos.<br><br><strong>4 \u2013 Tamanho da Tela<\/strong><br>Para definir o tamanho da tela vale duas dicas, verifique o tamanho do seu ambiente, por exemplo seu sal\u00e3o onde vai acontecer o evento \u00e9 muito grande, ent\u00e3o uma tela de menor tamanho n\u00e3o vai dar o devido destaque, opte por telas maiores neste caso.<br>A outra dica \u00e9 referente ao n\u00famero de pessoas, por exemplo no caso de um treinamento ou palestra quanto maior o p\u00fablico, maior o tamanho da Tela a ser utilizada.<br><br><strong>5 \u2013 Ilumina\u00e7\u00e3o do Ambiente<\/strong><br>\u00c9 muito importante avaliar se o local onde o projetor ser\u00e1 utilizado possui muita incid\u00eancia de luz, principalmente da luz ambiente. A&nbsp;<strong>loca\u00e7\u00e3o de Projetor (Datashow<\/strong>)&nbsp;dever\u00e1 ser feita de acordo com o ambiente, para ambiente mais escuros opte por projetores de menor pot\u00eancia que al\u00e9m de mais baratos, n\u00e3o ir\u00e3o gerar tanto brilho, o que tamb\u00e9m pode atrapalhar quando o local \u00e9 muito escuro e as pessoas est\u00e3o muito pr\u00f3ximas a tela. Para ambientes com muita claridade opte pela <strong>loca\u00e7\u00e3o de Projetor (Datashow<\/strong>)&nbsp;com maior pot\u00eancia de luz, com mais Ansi Lumens.<\/p>\n\t\t\t\t\t\t\t\t<\/div>\n\t\t\t\t<\/div>\n\t\t\t\t<div class=\"elementor-element elementor-element-31722af elementor-align-center elementor-widget elementor-widget-button\" data-id=\"31722af\" data-element_type=\"widget\" data-e-type=\"widget\" data-widget_type=\"button.default\">\n\t\t\t\t<div class=\"elementor-widget-container\">\n\t\t\t\t\t\t\t\t\t<div class=\"elementor-button-wrapper\">\n\t\t\t\t\t<a class=\"elementor-button elementor-button-link elementor-size-sm elementor-animation-pop\" href=\"https:\/\/infomesq.com.br\/aluguel\/projetores\/\">\n\t\t\t\t\t\t<span class=\"elementor-button-content-wrapper\">\n\t\t\t\t\t\t<span class=\"elementor-button-icon\">\n\t\t\t\t<i aria-hidden=\"true\" class=\"far fa-check-circle\"><\/i>\t\t\t<\/span>\n\t\t\t\t\t\t\t\t\t<span class=\"elementor-button-text\">QUERO ALUGAR UM PROJETOR<\/span>\n\t\t\t\t\t<\/span>\n\t\t\t\t\t<\/a>\n\t\t\t\t<\/div>\n\t\t\t\t\t\t\t\t<\/div>\n\t\t\t\t<\/div>\n\t\t\t\t\t<\/div>\n\t\t<\/div>\n\t\t\t\t\t<\/div>\n\t\t<\/section>\n\t\t\t\t<\/div>\n\t\t","protected":false},"excerpt":{"rendered":"<p>O mercado de&nbsp;aluguel de Projetores&nbsp;vem aumentando a cada ano no Brasil. A busca pela praticidade aliada ao aumento na realiza\u00e7\u00e3o de eventos tanto empresariais quanto particulares, fez com que aparecessem no mercado empresas especializadas no&nbsp;aluguel de Projetores em Porto Alegre, RS e todo territ\u00f3rio nacional. Vale a pena&nbsp;alugar um Projetor (Datashow)? Na maior parte dos [&hellip;]<\/p>\n","protected":false},"author":1,"featured_media":0,"comment_status":"closed","ping_status":"open","sticky":false,"template":"","format":"standard","meta":{"zakra_page_container_layout":"customizer","zakra_page_sidebar_layout":"customizer","zakra_remove_content_margin":false,"zakra_sidebar":"customizer","zakra_transparent_header":"customizer","zakra_logo":0,"zakra_main_header_style":"default","zakra_menu_item_color":"","zakra_menu_item_hover_color":"","zakra_menu_item_active_color":"","zakra_menu_active_style":"","zakra_page_header":true,"_joinchat":[],"footnotes":""},"categories":[1],"tags":[],"class_list":["post-2054","post","type-post","status-publish","format-standard","hentry","category-sem-categoria"],"_links":{"self":[{"href":"https:\/\/infomesq.com.br\/aluguel\/wp-json\/wp\/v2\/posts\/2054","targetHints":{"allow":["GET"]}}],"collection":[{"href":"https:\/\/infomesq.com.br\/aluguel\/wp-json\/wp\/v2\/posts"}],"about":[{"href":"https:\/\/infomesq.com.br\/aluguel\/wp-json\/wp\/v2\/types\/post"}],"author":[{"embeddable":true,"href":"https:\/\/infomesq.com.br\/aluguel\/wp-json\/wp\/v2\/users\/1"}],"replies":[{"embeddable":true,"href":"https:\/\/infomesq.com.br\/aluguel\/wp-json\/wp\/v2\/comments?post=2054"}],"version-history":[{"count":0,"href":"https:\/\/infomesq.com.br\/aluguel\/wp-json\/wp\/v2\/posts\/2054\/revisions"}],"wp:attachment":[{"href":"https:\/\/infomesq.com.br\/aluguel\/wp-json\/wp\/v2\/media?parent=2054"}],"wp:term":[{"taxonomy":"category","embeddable":true,"href":"https:\/\/infomesq.com.br\/aluguel\/wp-json\/wp\/v2\/categories?post=2054"},{"taxonomy":"post_tag","embeddable":true,"href":"https:\/\/infomesq.com.br\/aluguel\/wp-json\/wp\/v2\/tags?post=2054"}],"curies":[{"name":"wp","href":"https:\/\/api.w.org\/{rel}","templated":true}]}}